{"id":953,"date":"2013-11-16T13:47:34","date_gmt":"2013-11-16T11:47:34","guid":{"rendered":"http:\/\/bier.rub.de\/?p=953"},"modified":"2014-11-23T15:14:51","modified_gmt":"2014-11-23T13:14:51","slug":"neuer-termin-fuer-den-stammtisch","status":"publish","type":"post","link":"http:\/\/bier.rub.de\/?p=953","title":{"rendered":"Neuer Termin f\u00fcr den Stammtisch"},"content":{"rendered":"<p class=\"lead\">Ein bisschen lange hat&#8217;s gedauert, aber nun haben wir wieder einen regelm\u00e4\u00dfigen Termin f\u00fcr unseren Stammtisch. Ihr seid herzlich eingeladen vorbei zu kommen, wenn Ihr Lust habt in einer lustigen Runde \u00fcber Hochschulpolitik zu schwadronieren.<\/p>\n<p>Der Liste B.I.E.R.-Stammtisch findet jede <em>ungerade Kalenderwoche<\/em> statt, und zwar am <strong>Dienstag ab 17.30 Uhr im Raum GB 02\/60<\/strong> (Glaskasten).<\/p>\n<p>Wie immer gilt: Kein B.I.E.R. f\u00fcr Nazis, kein Stammtisch f\u00fcr Nazis.<\/p>\n","protected":false},"excerpt":{"rendered":"<p>Ein bisschen lange hat&#8217;s gedauert, aber nun haben wir wieder einen regelm\u00e4\u00dfigen Termin f\u00fcr unseren Stammtisch. Ihr seid herzlich eingeladen vorbei zu kommen, wenn Ihr Lust habt in einer lustigen Runde \u00fcber Hochschulpolitik zu schwadronieren. Der Liste B.I.E.R.-Stammtisch findet jede ungerade Kalenderwoche statt, und zwar am Dienstag ab 17.30 Uhr im Raum GB 02\/60 (Glaskasten)&#8230;.  <a href=\"http:\/\/bier.rub.de\/?p=953\" class=\"more-link\" title=\"Read Neuer Termin f\u00fcr den Stammtisch\">Read more &raquo;<\/a><\/p>\n","protected":false},"author":1,"featured_media":0,"comment_status":"open","ping_status":"open","sticky":false,"template":"","format":"standard","meta":[],"categories":[46],"tags":[],"_links":{"self":[{"href":"http:\/\/bier.rub.de\/index.php?rest_route=\/wp\/v2\/posts\/953"}],"collection":[{"href":"http:\/\/bier.rub.de\/index.php?rest_route=\/wp\/v2\/posts"}],"about":[{"href":"http:\/\/bier.rub.de\/index.php?rest_route=\/wp\/v2\/types\/post"}],"author":[{"embeddable":true,"href":"http:\/\/bier.rub.de\/index.php?rest_route=\/wp\/v2\/users\/1"}],"replies":[{"embeddable":true,"href":"http:\/\/bier.rub.de\/index.php?rest_route=%2Fwp%2Fv2%2Fcomments&post=953"}],"version-history":[{"count":1,"href":"http:\/\/bier.rub.de\/index.php?rest_route=\/wp\/v2\/posts\/953\/revisions"}],"predecessor-version":[{"id":954,"href":"http:\/\/bier.rub.de\/index.php?rest_route=\/wp\/v2\/posts\/953\/revisions\/954"}],"wp:attachment":[{"href":"http:\/\/bier.rub.de\/index.php?rest_route=%2Fwp%2Fv2%2Fmedia&parent=953"}],"wp:term":[{"taxonomy":"category","embeddable":true,"href":"http:\/\/bier.rub.de\/index.php?rest_route=%2Fwp%2Fv2%2Fcategories&post=953"},{"taxonomy":"post_tag","embeddable":true,"href":"http:\/\/bier.rub.de\/index.php?rest_route=%2Fwp%2Fv2%2Ftags&post=953"}],"curies":[{"name":"wp","href":"https:\/\/api.w.org\/{rel}","templated":true}]}}