{"id":316,"date":"2013-06-22T20:30:36","date_gmt":"2013-06-22T18:30:36","guid":{"rendered":"http:\/\/bier.rub.de\/?p=316"},"modified":"2013-07-09T17:35:44","modified_gmt":"2013-07-09T15:35:44","slug":"infoveranstaltung-zu-metropolradruhr-2","status":"publish","type":"post","link":"http:\/\/bier.rub.de\/?p=316","title":{"rendered":"Infoveranstaltung zu metropolradruhr"},"content":{"rendered":"<p class=\"lead\">Infoveranstaltung zu Metropolradruhr: Was ist das? Wie funktioniert das? Worum geht es?<!--more--><\/p>\n<p>Der AStA der RUB steckt mitten in den Verhandlungen f\u00fcr einen Kooperationsvertrag mit der nextbike GmbH, um in das metropolradruhr-Projekt einzusteigen. Dieses bietet seit April auch auf dem Campus der RUB Leihfahrr\u00e4der, welche Ihr Euch 24\/7 an elektronischen Terminals ausleihen k\u00f6nnt. Wir wollen Euch transparent machen: Was ist das f\u00fcr ein Projekt? Wer steckt dahinter? Wo liegen die Potenziale? Nach dem Vortragsteil k\u00f6nnen wir gerne noch zusammen \u00fcber das Projekt diskutieren.<\/p>\n<p>Das Ganze findet statt am:<\/p>\n<p>19.06.2013<br \/>\num 19.00 Uhr<br \/>\nin GB 02\/60<br \/>\n(GB-Glaskasten)<\/p>\n","protected":false},"excerpt":{"rendered":"<p>Infoveranstaltung zu Metropolradruhr: Was ist das? Wie funktioniert das? Worum geht es?<\/p>\n","protected":false},"author":1,"featured_media":0,"comment_status":"open","ping_status":"open","sticky":false,"template":"","format":"standard","meta":[],"categories":[13],"tags":[],"_links":{"self":[{"href":"http:\/\/bier.rub.de\/index.php?rest_route=\/wp\/v2\/posts\/316"}],"collection":[{"href":"http:\/\/bier.rub.de\/index.php?rest_route=\/wp\/v2\/posts"}],"about":[{"href":"http:\/\/bier.rub.de\/index.php?rest_route=\/wp\/v2\/types\/post"}],"author":[{"embeddable":true,"href":"http:\/\/bier.rub.de\/index.php?rest_route=\/wp\/v2\/users\/1"}],"replies":[{"embeddable":true,"href":"http:\/\/bier.rub.de\/index.php?rest_route=%2Fwp%2Fv2%2Fcomments&post=316"}],"version-history":[{"count":3,"href":"http:\/\/bier.rub.de\/index.php?rest_route=\/wp\/v2\/posts\/316\/revisions"}],"predecessor-version":[{"id":479,"href":"http:\/\/bier.rub.de\/index.php?rest_route=\/wp\/v2\/posts\/316\/revisions\/479"}],"wp:attachment":[{"href":"http:\/\/bier.rub.de\/index.php?rest_route=%2Fwp%2Fv2%2Fmedia&parent=316"}],"wp:term":[{"taxonomy":"category","embeddable":true,"href":"http:\/\/bier.rub.de\/index.php?rest_route=%2Fwp%2Fv2%2Fcategories&post=316"},{"taxonomy":"post_tag","embeddable":true,"href":"http:\/\/bier.rub.de\/index.php?rest_route=%2Fwp%2Fv2%2Ftags&post=316"}],"curies":[{"name":"wp","href":"https:\/\/api.w.org\/{rel}","templated":true}]}}