{"id":1003,"date":"2013-12-05T22:05:10","date_gmt":"2013-12-05T20:05:10","guid":{"rendered":"http:\/\/bier.rub.de\/?p=1003"},"modified":"2014-11-23T15:14:25","modified_gmt":"2014-11-23T13:14:25","slug":"kaiserliche-zustaende-rub-passt-corporate-design-an","status":"publish","type":"post","link":"http:\/\/bier.rub.de\/?p=1003","title":{"rendered":"Kaiserliche Zust\u00e4nde &#8211; RUB passt Corporate Design an"},"content":{"rendered":"<p class=\"lead\"><img loading=\"lazy\" class=\"size-full wp-image-1009 alignleft\" src=\"http:\/\/bier.rub.de\/wp-content\/uploads\/2013\/12\/klNazisatireRUBSchriftBlack.jpg\" alt=\"klNazisatireRUBSchriftBlack\" width=\"127\" height=\"127\" \/>Die RUB hat aufgrund einiger aktueller Ereignisse das Corporate Design einmal mehr gewechselt und eine neue Einf\u00fchrungsvorlesung organisiert. Grund daf\u00fcr sind die vorgezogenen Rektorwahlen und die Weihnachtsmannparade im sogenannten &#8222;Bochumer Fenster&#8220; der Ruhr-Uni in der Innenstadt am vergangenem Montag (2.12.2013).<\/p>\n<p>Die selbst ernannte Elite-Universit\u00e4t Ruhr-UniBochum ist bekanntlich immer vorne mit dabei und top aktuell. Daher \u00e4nderte die Pressestelle nun auch schnell Coporate Design und Logo, um auf die aktuellsten Ereignisse rund um die Uni zu reagieren. Rektor Elmar Weiler, bekannt aus Funk und Fernsehen, wurde schon vor dem Ende seiner zweiten Amtszeit f\u00fcr eine Dritte vorgeschlagen &#8211; nat\u00fcrlich im Konsens mit dem Senat und ohne Gegenkandidat (oder gar Gegenkandidatin).<\/p>\n<p>Monarchisch folgerichtig stellte Weiler sich nun hinter einen ewiggestrigen, ebenfalls aus Funk und Fernsehen bekannten Neonazi der an der RUB Jura studiert. Dieser wurde am Anfang der Woche vom Weihnachtsmann mit einigen seiner Helfer_innen in einer Vorlesung besucht. Leider war das Geschenk der Aufkl\u00e4rung dem dozierenden Professor und manchen Kommiliton_innen recht suspekt. Denn Monarch Weiler hatte bereits im Mai diesen Jahres seinen Untertanen jegliche Weihnachtsfreude verboten. Vermutlich trauert er noch immer um den verpassten Elite-Titel. Ergo verhinderte der Professor treudumm die Geschenkvergabe. Ob die Handgreiflichkeiten gegen den Weihnachtsmann zu einem Ausbleiben der Geschenke in diesem Jahr f\u00fchren wird, ist noch nicht bekannt. In einer ersten Stellungnahme erkl\u00e4ren er und seine Helfer_innen: &#8222;Mit diesem Verlauf der Ereignisse hatten wir nicht gerechnet.&#8220;<\/p>\n<h4>Weilers besser wei\u00df<\/h4>\n<p>Botenwesen und herbei gerufene B\u00fcttel waren sich schnell mit dem Dozenten dar\u00fcber einig, dass die Handgreiflichkeiten nur durch den p\u00f6hsen, p\u00f6hsen Weihnachtsmann und seine Helfer_innen entstanden sein konnten. Der Professor zeigte jedem, der es nicht wissen wollte, seine Kriegsverletzungen und die Kunde wurde im Weilerschen Reich verbreitet.<\/p>\n<p>Von seinem Thron herunter winkend lie\u00df sich Rektor Elmar Weiler unl\u00e4ngst in einem lokalen Fischeinwickelpapier zitieren: &#8222;Wir k\u00f6nnen es nicht dulden, dass Mitglieder unserer Universit\u00e4t so massiv angegangen werden. Das verletzt die Pers\u00f6nlichkeitsrechte des Einzelnen und ist nicht hinnehmbar\u201c. Damit ist nat\u00fcrlich das Recht des Einzelnen auf Dummheit und Verbreitung dieser gemeint. Ger\u00fcchteweise wurden Mitarbeiter der Pressestelle, die sich weigerten dieses Geschwafel weiterzuleiten, gleich in den Kerker auf Ebene 08 geworfen. In treuseliger Einigkeit mit dem Monarchen \u00fcberbrachte der Allgemeine Stupide Ausschuss (AStA) die Nachricht des &#8222;gewaltt\u00e4tigen Weihnachtsmannes&#8220; daraufhin dem Studenten-P\u00f6bel, welcher die Botschaft sogleich mit Fackeln und Mistgabeln bewaffnet im Neuland weitergab.<\/p>\n<p>Der k\u00f6nigliche Bote der RUB hat derweil in Windeseile ein neues Corporate Design erstellt, welches nach der Befragung eines, aus Funk und Fernsehen bekannten Jura-Studenten, gut angenommen wird. Der Ewiggestrige: &#8222;Endlich kehrt die RUB wieder zu ihren Wurzeln zur\u00fcck. Seit ich hier bin, l\u00e4uft alles wieder so, wie der F\u00fc&#8230;\u00e4hm, Weiler es will.&#8220;<\/p>\n<h4>Auch neu: Einf\u00fchrungsvorlesung &#8222;Faustrecht&#8220;<\/h4>\n<p>Die Partei &#8222;Die Rechte&#8220;, welcher unter anderem unter der F\u00fchrung des ewiggestrigen Jura-Studenten steht, wird \u00fcbrigens im n\u00e4chsten Semester Kooperationspartner der RUB. Der Pr\u00fcgelprof wird zusammen mit dem ewiggestrigen Gastschl\u00e4ger M. Br\u00fcck, auch Michael B. genannt, die Einf\u00fchrungsvorlesung \u201eGrundlehren des Faustrechts I mit praktischen Beispielen\u201c halten. Optional dazu k\u00f6nnen noch die \u00dcbungen &#8222;Eskalieren &#8211; wie man es richtig macht&#8220; und &#8222;Weltoffene Universit\u00e4t propagieren &#8211; Rassisten sch\u00fctzen&#8220; besucht werden.<\/p>\n","protected":false},"excerpt":{"rendered":"<p>Die RUB hat aufgrund einiger aktueller Ereignisse das Corporate Design einmal mehr gewechselt und eine neue Einf\u00fchrungsvorlesung organisiert. Grund daf\u00fcr sind die vorgezogenen Rektorwahlen und die Weihnachtsmannparade im sogenannten &#8222;Bochumer Fenster&#8220; der Ruhr-Uni in der Innenstadt am vergangenem Montag (2.12.2013). Die selbst ernannte Elite-Universit\u00e4t Ruhr-UniBochum ist bekanntlich immer vorne mit dabei und top aktuell. Daher&#8230;  <a href=\"http:\/\/bier.rub.de\/?p=1003\" class=\"more-link\" title=\"Read Kaiserliche Zust\u00e4nde &#8211; RUB passt Corporate Design an\">Read more &raquo;<\/a><\/p>\n","protected":false},"author":1,"featured_media":0,"comment_status":"open","ping_status":"open","sticky":false,"template":"","format":"standard","meta":[],"categories":[45],"tags":[],"_links":{"self":[{"href":"http:\/\/bier.rub.de\/index.php?rest_route=\/wp\/v2\/posts\/1003"}],"collection":[{"href":"http:\/\/bier.rub.de\/index.php?rest_route=\/wp\/v2\/posts"}],"about":[{"href":"http:\/\/bier.rub.de\/index.php?rest_route=\/wp\/v2\/types\/post"}],"author":[{"embeddable":true,"href":"http:\/\/bier.rub.de\/index.php?rest_route=\/wp\/v2\/users\/1"}],"replies":[{"embeddable":true,"href":"http:\/\/bier.rub.de\/index.php?rest_route=%2Fwp%2Fv2%2Fcomments&post=1003"}],"version-history":[{"count":9,"href":"http:\/\/bier.rub.de\/index.php?rest_route=\/wp\/v2\/posts\/1003\/revisions"}],"predecessor-version":[{"id":1601,"href":"http:\/\/bier.rub.de\/index.php?rest_route=\/wp\/v2\/posts\/1003\/revisions\/1601"}],"wp:attachment":[{"href":"http:\/\/bier.rub.de\/index.php?rest_route=%2Fwp%2Fv2%2Fmedia&parent=1003"}],"wp:term":[{"taxonomy":"category","embeddable":true,"href":"http:\/\/bier.rub.de\/index.php?rest_route=%2Fwp%2Fv2%2Fcategories&post=1003"},{"taxonomy":"post_tag","embeddable":true,"href":"http:\/\/bier.rub.de\/index.php?rest_route=%2Fwp%2Fv2%2Ftags&post=1003"}],"curies":[{"name":"wp","href":"https:\/\/api.w.org\/{rel}","templated":true}]}}